{"id":543,"date":"2012-04-07T07:41:36","date_gmt":"2012-04-07T07:41:36","guid":{"rendered":"http:\/\/www.esanu.name\/vitalie\/?p=543"},"modified":"2012-04-07T07:41:36","modified_gmt":"2012-04-07T07:41:36","slug":"genera%c8%9bia-%d0%b8%d0%b2%d0%b0%d0%bd%d0%be%d0%b2%d0%b8%d1%87-lor","status":"publish","type":"post","link":"http:\/\/esanu.name\/vitalie\/?p=543","title":{"rendered":"Genera\u021bia \u0418\u0432\u0430\u043d\u043e\u0432\u0438\u0447-lor."},"content":{"rendered":"<p>\t\t\t\tTat\u0103l meu s-a n\u0103scut \u0418\u0432\u0430\u043d \u0219i a murit \u0418\u0432\u0430\u043d. Feciorul meu e cet\u0103\u021bean rom\u00e2n. Eu sunt \u0418\u0432\u0430\u043d\u043e\u0432\u0438\u0447. Sau poate Ion-ovici?<\/p>\n<p>La #poianabloggelor ieri am discutat cu doamna Nicoleta Eucarie. Doamna care cic\u0103 are dreptul de a semna certificatele care te face s\u0103 te sim\u021bi cet\u0103\u021bean rom\u00e2n, cu acte \u00een regul\u0103. Eu de prin anii 90 m\u0103 simt rom\u00e2n \u0219i vr\u00e2nd nevr\u00e2nd autorit\u0103\u021bile Repulicii Moldova m-au f\u0103cut Vitalie Ion. \u00cens\u0103 cu acte \u00een regul\u0103 am devenit doar prin 2011. A fost cea mai umilitoare procedur\u0103 birocratic\u0103 din via\u021ba mea. \u00cens\u0103 nu e aceasta importat, e important e c\u0103 eu pe tat\u0103l meu l-am f\u0103cut Ion, pe bunelu meu l-am f\u0103cut Petru. Doar pentru ca s\u0103 fiu cet\u0103\u021bean rom\u00e2n. To\u021bi bloggerii de aici, cred c\u0103 \u0219i mai to\u021bi moldovenii care au \u00eencercat s\u0103 ob\u021bin\u0103 cet\u0103\u021benie au fost -\u0438\u0447 sau -\u0432\u043d\u0430. \u00cens\u0103 autorit\u0103\u021bile rom\u00e2ne se fac c\u0103 plou\u0103. Le este \u00een cot de problemele noastre care le-am avut aici \u0219i se ascund dup\u0103 <del datetime=\"2012-04-07T07:35:19+00:00\">deget<\/del> lege. Cer de la noi s\u0103 confirm\u0103m p\u00e2n\u0103 \u00een genera\u021bia a treia c\u0103 suntem rom\u00e2ni. C\u00e2t timp doamna va fi reticent\u0103 \u0219i se va uita de sus la noi ca la ni\u0219te copii &#8220;de\u0219tep\u021bi&#8221;, \u0219i cu o voce arogant\u0103 ne va spune c\u0103 fac tot ce le este \u00een putere \u0219i c\u0103 uite doame nu\u0219c\u00e2te mii pe an au ob\u021binut cet\u0103\u021benie noi vom rom\u00e2ne genera\u021bia \u0418\u0432\u0430\u043d\u043e\u0432\u0438\u0447-lor, o genera\u021bie care a tr\u0103it \u00een dou\u0103 lumi cu dou\u0103 alfabete cu dou\u0103 nume de familii, cu numele rudele scrise \u00een cele mai haioase moduri. \u00cen cazul meu e u\u0219or pentru c\u0103 mor\u021bii nu se mai \u00eempotrivesc, ce facem dn Nicoleta cu p\u0103rin\u021bii no\u0219tri care nu doresc s\u0103-\u0219i schimbe -\u0438\u0447-ul?<\/p>\n<p><iframe src='http:\/\/www.privesc.eu\/widget\/live\/9860' frameborder='0' width='540' height='490' scrolling='no'><\/iframe><\/p>\n<p>PS: Sora mea a prezentat documentele ca \u0219i Ion ca mai apoi s\u0103 fie invitat\u0103 la depunerea jur\u0103m\u00e2ntului ca Viorica Ivan \u0219i neffind admis\u0103 pentru c\u0103 \u00een bulletin era Ion. Un exemplu \u00een care autorit\u0103\u021bile rom\u00e2ne au gre\u0219it.\t\t<\/p>\n","protected":false},"excerpt":{"rendered":"<p>Tat\u0103l meu s-a n\u0103scut \u0418\u0432\u0430\u043d \u0219i a murit \u0418\u0432\u0430\u043d. Feciorul meu e cet\u0103\u021bean rom\u00e2n. Eu sunt \u0418\u0432\u0430\u043d\u043e\u0432\u0438\u0447. Sau poate Ion-ovici? La #poianabloggelor ieri am discutat cu doamna Nicoleta Eucarie. Doamna care cic\u0103 are dreptul de a semna certificatele care te face s\u0103 te sim\u021bi cet\u0103\u021bean rom\u00e2n, cu acte \u00een regul\u0103. Eu de prin anii 90 &#8230; <a title=\"Genera\u021bia \u0418\u0432\u0430\u043d\u043e\u0432\u0438\u0447-lor.\" class=\"read-more\" href=\"http:\/\/esanu.name\/vitalie\/?p=543\" aria-label=\"More on Genera\u021bia \u0418\u0432\u0430\u043d\u043e\u0432\u0438\u0447-lor.\">Read more<\/a><\/p>\n","protected":false},"author":1,"featured_media":0,"comment_status":"open","ping_status":"open","sticky":false,"template":"","format":"standard","meta":{"footnotes":""},"categories":[6,33,39],"tags":[],"class_list":["post-543","post","type-post","status-publish","format-standard","hentry","category-biografie","category-politica","category-roman"],"_links":{"self":[{"href":"http:\/\/esanu.name\/vitalie\/index.php?rest_route=\/wp\/v2\/posts\/543","targetHints":{"allow":["GET"]}}],"collection":[{"href":"http:\/\/esanu.name\/vitalie\/index.php?rest_route=\/wp\/v2\/posts"}],"about":[{"href":"http:\/\/esanu.name\/vitalie\/index.php?rest_route=\/wp\/v2\/types\/post"}],"author":[{"embeddable":true,"href":"http:\/\/esanu.name\/vitalie\/index.php?rest_route=\/wp\/v2\/users\/1"}],"replies":[{"embeddable":true,"href":"http:\/\/esanu.name\/vitalie\/index.php?rest_route=%2Fwp%2Fv2%2Fcomments&post=543"}],"version-history":[{"count":0,"href":"http:\/\/esanu.name\/vitalie\/index.php?rest_route=\/wp\/v2\/posts\/543\/revisions"}],"wp:attachment":[{"href":"http:\/\/esanu.name\/vitalie\/index.php?rest_route=%2Fwp%2Fv2%2Fmedia&parent=543"}],"wp:term":[{"taxonomy":"category","embeddable":true,"href":"http:\/\/esanu.name\/vitalie\/index.php?rest_route=%2Fwp%2Fv2%2Fcategories&post=543"},{"taxonomy":"post_tag","embeddable":true,"href":"http:\/\/esanu.name\/vitalie\/index.php?rest_route=%2Fwp%2Fv2%2Ftags&post=543"}],"curies":[{"name":"wp","href":"https:\/\/api.w.org\/{rel}","templated":true}]}}