{"id":519,"date":"2011-11-24T04:32:03","date_gmt":"2011-11-24T04:32:03","guid":{"rendered":"http:\/\/www.esanu.name\/vitalie\/?p=519"},"modified":"2011-11-24T04:32:03","modified_gmt":"2011-11-24T04:32:03","slug":"licbez-it-pentru-juri%c8%99i","status":"publish","type":"post","link":"http:\/\/esanu.name\/vitalie\/?p=519","title":{"rendered":"Licbez IT pentru juri\u0219ti"},"content":{"rendered":"<p>\t\t\t\tIstoria o <a href=\"http:\/\/www.esanu.name\/vitalie\/?p=451\">\u0219ti\u021bi<\/a>. Aflu azi c\u0103 <a href=\"http:\/\/curaj.tv\/local\/chisinau\/premiera-vinovati-de-discurs-de-ura\/\">O.Brega<\/a> a c\u00e2\u0219tigat \u00een prima instan\u021b\u0103. Evident noi vom da la Curtea de Apel. Sincer s\u0103 fiu nu m-am \u00eent\u00e2lnit niciodat\u0103 cu judec\u0103tori. \u00cens\u0103 presupun c\u0103 cel care a dat verdictul ori nu a citit deloc ce scria \u00een dosar ori e analfabet \u00een domeniul IT-ului. Ca de altfel mai to\u021bi juri\u0219tii, cum mi se mai pl\u00e2ngea un prieten care avea o judecat\u0103 \u00een domeniul de IT.<\/p>\n<p>Mai jos prezint ni\u0219te termeni care au fost scri\u0219i \u00eentr-o limb\u0103 de lemn.<\/p>\n<p><strong>Domeniu<\/strong> &#8211; Denumire bine definit\u0103 care ne ajut\u0103 s\u0103 g\u0103sim adresele unor servere mai u\u0219or. [nume].md, [nume.ro], [nume].com. .md, .ro, .com sunt domenii de cel mai \u00eenalt nivel \u0219i deobicei sunt preasignate unor \u021b\u0103ri. Domeniu de nivel 2 oricine-\u0219i poate cump\u0103ra, dac\u0103 e liber, \u0219i \u00eel asigna unui site. Are un proprietar u\u0219or de g\u0103sit.<\/p>\n<p><strong>Site<\/strong> &#8211; Unul sau mai multe servere care stau \u00een spatele unui domeniu Internet \u0219i care a\u0219igur\u0103 o structur\u0103 bine definit\u0103 de pagini. Nu are un proprietar bine definit \u0219i u\u0219or de g\u0103sit.<\/p>\n<p><strong>Pagin\u0103<\/strong> &#8211; O reprezentare a unei informa\u021bii \u00een browserului clientului. Pagina poate fi at\u00e2t static\u0103 (odat\u0103 creat\u0103 nu se mai modific\u0103) at\u00e2t \u0219i dinamic\u0103 (se poate schimba la fiecare secund\u0103). Poate con\u021bine diferite elemente: Imagini, Video, Iframe (alte pagini de pe alte site-uri) sau chat-uri.<\/p>\n<p><strong>Chat<\/strong> &#8211; O coad\u0103 de comentarii generate \u00een timp real de c\u0103tre participian\u021bii chat-ului. Fiecare comentariu este generat de un Anonim sau de un Moderator.<\/p>\n<p><strong>Moderator<\/strong> &#8211; Un anonim cu privilegii limitate mai \u00eenalte, de obicei \u0219tergere \u0219i banare, care asigur\u0103 ordinea pe site. De regul\u0103 sunt \u0219terse mesajele care nu corespund criteriilor din regulament. Mai des sunt spamuri \u0219i flood-urile \u0219i cuvinte nelicen\u021bioase. Dac\u0103 mesajele sunt destul de complexe \u0219i au fost ini\u021biate dezbateri dintre 2 \u0219i mai mul\u021bi anonimi, moderatorul nu are capacitatea de ai modera.<\/p>\n<p><strong>Anonim<\/strong> &#8211; O persoan\u0103 care st\u0103 \u00een spatele unui calculator de la care a fost scris comentariul pe chat. Aceste persoane teoretic pot fi authentificate dup\u0103 IP.<\/p>\n<p><strong>IP<\/strong> &#8211; O adres\u0103 unic\u0103 asignat\u0103 de c\u0103tre Internet Provider unui abonat. De pe acela\u0219 IP, \u00een Internet pot avea access de la 1 la infint calculatoare. Cu c\u00e2t sunt mai multe calculatoare cu at\u00e2t e mai greu de a idenfica persoana care a comentat.<\/p>\n<p><strong>Concluzie<\/strong>.<br \/>\nUn anonim a c\u00e2\u0219tiga un caz \u00een care cic\u0103 a fost ofensat (nu \u00een\u021beleg cum po\u021bi ofensa un anonim) pe un site de la o companie care nu-i apar\u021bine acel site.<\/p>\n<p>Mie spre exemplu mi-ar fi ru\u0219ine s\u0103 dau \u00een judecat\u0103 b\u0103ie\u021bii care au dorit s\u0103 aduc\u0103 transparen\u021ba la acele conferin\u021be \u0219i transmiteau gratis, invoc\u00e2nd c\u0103 nu\u0219tiu cine nu sunt deacord cu pozi\u021biile lor. <\/p>\n<p>Nu se \u0219tie cine mai mult va pierde. 5200 de lei sau ignorarea conferin\u021belor pe viitor organizare de minorit\u0103\u021bi de c\u0103tre Privesc.Eu. Sau societatea care nu-\u0219i va mai putea exprima pozi\u021bia pentru c\u0103 toate site-urile vor \u00eenchide comentariile. De\u0219i, o idee ar fi s\u0103 dai \u00een judecat\u0103 site-urile care au \u00eenchis comentariile pentru c\u0103 nu dau voi la liber\u0103 exprimare.<\/p>\n<p>E un precedent. La r\u00e2nd sunt unimedia, jurnal, publika, curaj.tv (culmea)&#8230; nu facebook, c\u0103 la el moldovenii cu curaj se tem s\u0103 se bage.<\/p>\n<p>PS. Acest caz nu are absolut nimic cu minorit\u0103\u021bile sexuale. El poate fi interpretat exact a\u0219a \u0219i pentru alte cazuri.\t\t<\/p>\n","protected":false},"excerpt":{"rendered":"<p>\t\t\t\tUn anonim a c\u00e2\u0219tiga un caz \u00een care cic\u0103 a fost ofensat (nu \u00een\u021beleg cum po\u021bi ofensa un anonim) pe un site de la o companie care nu-i apar\u021bine acel site.\t\t<\/p>\n","protected":false},"author":1,"featured_media":0,"comment_status":"open","ping_status":"open","sticky":false,"template":"","format":"standard","meta":{"footnotes":""},"categories":[25,27,47],"tags":[],"class_list":["post-519","post","type-post","status-publish","format-standard","hentry","category-internet","category-jurnalism","category-viitor"],"_links":{"self":[{"href":"http:\/\/esanu.name\/vitalie\/index.php?rest_route=\/wp\/v2\/posts\/519","targetHints":{"allow":["GET"]}}],"collection":[{"href":"http:\/\/esanu.name\/vitalie\/index.php?rest_route=\/wp\/v2\/posts"}],"about":[{"href":"http:\/\/esanu.name\/vitalie\/index.php?rest_route=\/wp\/v2\/types\/post"}],"author":[{"embeddable":true,"href":"http:\/\/esanu.name\/vitalie\/index.php?rest_route=\/wp\/v2\/users\/1"}],"replies":[{"embeddable":true,"href":"http:\/\/esanu.name\/vitalie\/index.php?rest_route=%2Fwp%2Fv2%2Fcomments&post=519"}],"version-history":[{"count":0,"href":"http:\/\/esanu.name\/vitalie\/index.php?rest_route=\/wp\/v2\/posts\/519\/revisions"}],"wp:attachment":[{"href":"http:\/\/esanu.name\/vitalie\/index.php?rest_route=%2Fwp%2Fv2%2Fmedia&parent=519"}],"wp:term":[{"taxonomy":"category","embeddable":true,"href":"http:\/\/esanu.name\/vitalie\/index.php?rest_route=%2Fwp%2Fv2%2Fcategories&post=519"},{"taxonomy":"post_tag","embeddable":true,"href":"http:\/\/esanu.name\/vitalie\/index.php?rest_route=%2Fwp%2Fv2%2Ftags&post=519"}],"curies":[{"name":"wp","href":"https:\/\/api.w.org\/{rel}","templated":true}]}}