{"id":451,"date":"2011-03-03T09:15:08","date_gmt":"2011-03-03T09:15:08","guid":{"rendered":"http:\/\/www.esanu.name\/vitalie\/?p=451"},"modified":"2011-03-03T09:15:08","modified_gmt":"2011-03-03T09:15:08","slug":"privesc-eu-in-judecata","status":"publish","type":"post","link":"http:\/\/esanu.name\/vitalie\/?p=451","title":{"rendered":"Privesc.Eu \u00een judecat\u0103"},"content":{"rendered":"<p>\t\t\t\tAproape 2 ani \u00een urm\u0103 <a href=\"http:\/\/www.privesc.eu\">Privesc.Eu<\/a> a fost constituit pentru a face lumea mai transparent\u0103. Inten\u021bionat Privesc.Eu refuzat orice emisiuni jurnalistice pentru a nu putea fi invinu\u021bi de atacuri, manipul\u0103ri de partide politice \u0219i alte probleme de care sufer\u0103 mass media clasic\u0103. Idea e simpl\u0103, transmitem totul ce se petrece live prin Internet. Video se stocheaz\u0103 \u00een arhiv\u0103 absolut f\u0103r\u0103 nici o modificare. Cameramanii fug tot ora\u0219ul pentru a reu\u0219i la c\u00e2te mai multe conferin\u021be, adun\u0103ri, judec\u0103ri sau deschideri festive, parlament sau \u0219edin\u021b\u0103 de guvern.<\/p>\n<p>Partidele sunt satisf\u0103cute, mass-media preia gratis orice video care \u00eel dore\u0219te \u0219i plaseaz\u0103 pe TV sau embed pe site. Cel mai important c\u0103 oamenii sunt satisf\u0103cu\u021bi. \u00cen sf\u00e2r\u0219it au un ochi direct \u00een via\u021ba politic\u0103 \u0219i social\u0103 a \u021b\u0103rii. <\/p>\n<p>Totul a mers perfect p\u00e2n\u0103 \u00een aceste zile c\u00e2nd <a href=\"http:\/\/brega.wordpress.com\/\">Oleg Brega<\/a> a hot\u0103r\u00e2t s\u0103 fac\u0103 ni\u0219te bani\u0219ori sau PR pe seama Privesc.Eu.<\/p>\n<p>Nu-mi vine s\u0103 cred c\u0103 omul care toat\u0103 ziua lupt\u0103 pentru transparen\u021b\u0103, d\u0103 un site \u00een judecat\u0103 care aduce aceast\u0103 transparen\u021b\u0103 \u00een baza Legii nr. 64 din 23.04.2010 cu privire la libertatea de exprimare.<\/p>\n<p>Privesc.Eu a transmis un live de la o conferin\u021b\u0103 organizat\u0103 de Asociatia Gender DOC, adic\u0103 noi am dorit s\u0103 ar\u0103t\u0103m societ\u0103\u021bii c\u0103 exist\u0103 o astfel de problem\u0103. Probabil Brega era pe chat \u0219i s-a mai certat cu ni\u0219te oamenii pe acolo dup\u0103 care a hot\u0103r\u00e2t s\u0103 ne dea \u00een judecat\u0103.<\/p>\n<p>Motivul a\u0219a \u0219i nu-mi este clar. Cei care sunt juri\u0219ti pot citi documentele de mai jos poate \u00een\u021beleg.<\/p>\n<p>Mai mult ca at\u00e2t mi-a adresat mie personal o cerere. Nu \u00een\u021beleg de ce mie. Pentru c\u0103 nu sunt Directorul Privesc.Eu ONG, nu sunt nici angajat ci doar am creat acest site. Presupun c\u0103 a v\u0103zut c\u0103 Privesc.MD e cump\u0103rat de mine \u0219i de aici a f\u0103cut leg\u0103tura c\u0103 m\u0103 poate da \u00een judecat\u0103. Doar c\u0103 privesc.md nu e un site, nu are absolut nici un content. E un simplu redirect la Privesc.Eu.<\/p>\n<p>Tehnic e imposibil s\u0103 moderezi comentariile live de pe site. Un moderator nu poate lua o decizie referitor la sensul unui comentariu. Poate \u0219terge un comentariu doar baz\u00e2ndu-se pe ni\u0219te reguli stricte cum ar fi cuvinte interzise, linkuri  sau publicitate.<\/p>\n<p>Astfel Brega \u00eencearc\u0103 s\u0103 penalizeze platforma nu o persoan\u0103 anume, de\u0219i sunt sigur c\u0103 \u0219tie cine l-a atacat. <\/p>\n<p>\u00cen concluzie, nu \u0219tiu cu ce se va termina aceast\u0103 istorie, cert e c\u0103 dac\u0103 c\u00e2\u0219tig\u0103 Oleg Brega, privesc.eu nu va mai transmite astfel de live-uri pentru al penaliza pe Brega \u0219i Avoca\u021bii lui. \u0218i apoi dac\u0103 c\u00e2\u0219tig\u0103 va fi un predecedent \u00een justi\u021bie. Astfel site-urile unimedia.md, protv.md vor fi urm\u0103toarele care vor fi penalizate. E groaznic ce se face \u00een comentariile de pe aceste site-uri.<\/p>\n<p>Un pont pentru Oleg s\u0103 intre pe google.com \u0219i s\u0103 dea o interpelare \u201dOleg Brega [cuv\u00e2ntmurdar] site:md\u201d \u0219i s\u0103-i dea \u00een judecat\u0103 site-urile unul c\u00e2te unul.<\/p>\n<p>Ata\u0219ez cererea lui Oleg Brega <\/p>\n<p><iframe loading=\"lazy\" src=\"https:\/\/docs.google.com\/document\/pub?id=1jbJtqXSrQx0jY3JEDAzrW_tKH_IMM5jh7KUi2n6Jfpo&amp;embedded=true\" width=\"600\" height=\"300\"><\/iframe><\/p>\n<p>\u0219i r\u0103spunsul privesc.eu<\/p>\n<p><iframe loading=\"lazy\" src=\"https:\/\/docs.google.com\/document\/pub?id=1dROFxKrkF2rF6eZj0wl-CcCbXzS3d9qkMLWj4rmCzkk&amp;embedded=true\" width=\"600\" height=\"500\"><\/iframe><\/p>\n","protected":false},"excerpt":{"rendered":"<p>Aproape 2 ani \u00een urm\u0103 Privesc.Eu a fost constituit pentru a face lumea mai transparent\u0103. Inten\u021bionat Privesc.Eu refuzat orice emisiuni jurnalistice pentru a nu putea fi invinu\u021bi de atacuri, manipul\u0103ri de partide politice \u0219i alte probleme de care sufer\u0103 mass media clasic\u0103. Idea e simpl\u0103, transmitem totul ce se petrece live prin Internet. Video se &#8230; <a title=\"Privesc.Eu \u00een judecat\u0103\" class=\"read-more\" href=\"http:\/\/esanu.name\/vitalie\/?p=451\" aria-label=\"More on Privesc.Eu \u00een judecat\u0103\">Read more<\/a><\/p>\n","protected":false},"author":1,"featured_media":0,"comment_status":"open","ping_status":"open","sticky":false,"template":"","format":"standard","meta":{"footnotes":""},"categories":[1],"tags":[],"class_list":["post-451","post","type-post","status-publish","format-standard","hentry","category-uncategorized"],"_links":{"self":[{"href":"http:\/\/esanu.name\/vitalie\/index.php?rest_route=\/wp\/v2\/posts\/451","targetHints":{"allow":["GET"]}}],"collection":[{"href":"http:\/\/esanu.name\/vitalie\/index.php?rest_route=\/wp\/v2\/posts"}],"about":[{"href":"http:\/\/esanu.name\/vitalie\/index.php?rest_route=\/wp\/v2\/types\/post"}],"author":[{"embeddable":true,"href":"http:\/\/esanu.name\/vitalie\/index.php?rest_route=\/wp\/v2\/users\/1"}],"replies":[{"embeddable":true,"href":"http:\/\/esanu.name\/vitalie\/index.php?rest_route=%2Fwp%2Fv2%2Fcomments&post=451"}],"version-history":[{"count":0,"href":"http:\/\/esanu.name\/vitalie\/index.php?rest_route=\/wp\/v2\/posts\/451\/revisions"}],"wp:attachment":[{"href":"http:\/\/esanu.name\/vitalie\/index.php?rest_route=%2Fwp%2Fv2%2Fmedia&parent=451"}],"wp:term":[{"taxonomy":"category","embeddable":true,"href":"http:\/\/esanu.name\/vitalie\/index.php?rest_route=%2Fwp%2Fv2%2Fcategories&post=451"},{"taxonomy":"post_tag","embeddable":true,"href":"http:\/\/esanu.name\/vitalie\/index.php?rest_route=%2Fwp%2Fv2%2Ftags&post=451"}],"curies":[{"name":"wp","href":"https:\/\/api.w.org\/{rel}","templated":true}]}}